{"id":1255,"date":"2021-12-08T07:18:34","date_gmt":"2021-12-08T09:18:34","guid":{"rendered":"https:\/\/www.acessoriosparaacademia.com.br\/blog\/?p=1255"},"modified":"2021-11-29T17:37:33","modified_gmt":"2021-11-29T19:37:33","slug":"mercado-fitness-no-brasil","status":"publish","type":"post","link":"https:\/\/www.acessoriosparaacademia.com.br\/blog\/mercado-fitness-no-brasil\/","title":{"rendered":"Vamos entender melhor o Mercado Fitness no Brasil?"},"content":{"rendered":"\t\t<div data-elementor-type=\"wp-post\" data-elementor-id=\"1255\" class=\"elementor elementor-1255\" data-elementor-settings=\"{&quot;ha_cmc_init_switcher&quot;:&quot;no&quot;}\">\n\t\t\t\t\t\t<section class=\"elementor-section elementor-top-section elementor-element elementor-element-8cd1d90 elementor-section-boxed elementor-section-height-default elementor-section-height-default\" data-id=\"8cd1d90\" data-element_type=\"section\" data-settings=\"{&quot;_ha_eqh_enable&quot;:false}\">\n\t\t\t\t\t\t<div class=\"elementor-container elementor-column-gap-default\">\n\t\t\t\t\t<div class=\"elementor-column elementor-col-100 elementor-top-column elementor-element elementor-element-f86cbf9\" data-id=\"f86cbf9\" data-element_type=\"column\">\n\t\t\t<div class=\"elementor-widget-wrap elementor-element-populated\">\n\t\t\t\t\t\t<div class=\"elementor-element elementor-element-cc9e277 elementor-widget elementor-widget-text-editor\" data-id=\"cc9e277\" data-element_type=\"widget\" data-widget_type=\"text-editor.default\">\n\t\t\t\t<div class=\"elementor-widget-container\">\n\t\t\t\t\t\t\t\t\t<p>O <a href=\"https:\/\/www.acessoriosparaacademia.com.br\/blog\/como-esta-o-mercado-fitness-hoje-no-pos-pandemia-e-quais-foram-as-principais-mudancas-nos-alunos\/\">mercado fitness<\/a> no Brasil tem crescido muito. Afinal, a quantidade de pessoas que desejam ter um corpo mais bonito \u00e9 cada dia maior.<\/p><p>Consequentemente, a quantidade de academias vai se multiplicando de acordo com a demanda do p\u00fablico. Nas grandes cidades \u00e9 poss\u00edvel ter v\u00e1rias op\u00e7\u00f5es para treinar.<\/p><p>Por outro lado, a longevidade da popula\u00e7\u00e3o leva a uma pr\u00e1tica de exerc\u00edcios. Afinal, eles s\u00e3o fundamentais para evitar o surgimento de doen\u00e7as relacionadas ao envelhecimento.<\/p><p>Outro p\u00fablico que frequenta academias com frequ\u00eancia s\u00e3o os atletas. Seja como profiss\u00e3o, seja como uma forma de ocupar os dias de folga qualquer pessoa que pratica esportes precisa do apoio de um centro de treinamento f\u00edsico em algum momento.<\/p><p>Contudo, o simples fato de frequentar ou ser o gestor de uma academia n\u00e3o significa que voc\u00ea entenda como o mercado fitness no Brasil funciona.<\/p><p>Compreender como o mercado funciona ajuda a entender se a sua academia est\u00e1 indo na dire\u00e7\u00e3o certa. Do mesmo modo, \u00e9 poss\u00edvel encontrar oportunidades de neg\u00f3cios na \u00e1rea e se destacar na sua regi\u00e3o.<\/p><p>Para te ajudar a conhecer como o <a href=\"https:\/\/www.acessoriosparaacademia.com.br\/blog\/como-esta-o-mercado-fitness-hoje-no-pos-pandemia-e-quais-foram-as-principais-mudancas-nos-alunos\/\">mercado fitness<\/a> est\u00e1 no Brasil separei as principais informa\u00e7\u00f5es sobre o setor.<\/p><p>Leia at\u00e9 o final e saiba mais!<\/p>\t\t\t\t\t\t\t\t<\/div>\n\t\t\t\t<\/div>\n\t\t\t\t\t<\/div>\n\t\t<\/div>\n\t\t\t\t\t<\/div>\n\t\t<\/section>\n\t\t\t\t<section class=\"elementor-section elementor-top-section elementor-element elementor-element-4a34b2f elementor-section-boxed elementor-section-height-default elementor-section-height-default\" data-id=\"4a34b2f\" data-element_type=\"section\" data-settings=\"{&quot;_ha_eqh_enable&quot;:false}\">\n\t\t\t\t\t\t<div class=\"elementor-container elementor-column-gap-default\">\n\t\t\t\t\t<div class=\"elementor-column elementor-col-100 elementor-top-column elementor-element elementor-element-61ae39c\" data-id=\"61ae39c\" data-element_type=\"column\">\n\t\t\t<div class=\"elementor-widget-wrap elementor-element-populated\">\n\t\t\t\t\t\t<div class=\"elementor-element elementor-element-bbd5bf2 elementor-widget elementor-widget-heading\" data-id=\"bbd5bf2\" data-element_type=\"widget\" data-widget_type=\"heading.default\">\n\t\t\t\t<div class=\"elementor-widget-container\">\n\t\t\t\t\t<h2 class=\"elementor-heading-title elementor-size-default\">O que \u00e9 o mercado fitness?<\/h2>\t\t\t\t<\/div>\n\t\t\t\t<\/div>\n\t\t\t\t\t<\/div>\n\t\t<\/div>\n\t\t\t\t\t<\/div>\n\t\t<\/section>\n\t\t\t\t<section class=\"elementor-section elementor-top-section elementor-element elementor-element-05552db elementor-section-boxed elementor-section-height-default elementor-section-height-default\" data-id=\"05552db\" data-element_type=\"section\" data-settings=\"{&quot;_ha_eqh_enable&quot;:false}\">\n\t\t\t\t\t\t<div class=\"elementor-container elementor-column-gap-default\">\n\t\t\t\t\t<div class=\"elementor-column elementor-col-100 elementor-top-column elementor-element elementor-element-b66ab81\" data-id=\"b66ab81\" data-element_type=\"column\">\n\t\t\t<div class=\"elementor-widget-wrap elementor-element-populated\">\n\t\t\t\t\t\t<div class=\"elementor-element elementor-element-4497afe elementor-widget elementor-widget-text-editor\" data-id=\"4497afe\" data-element_type=\"widget\" data-widget_type=\"text-editor.default\">\n\t\t\t\t<div class=\"elementor-widget-container\">\n\t\t\t\t\t\t\t\t\t<p>Antes de mais nada,podemos afirmar que o mercado fitness engloba todos os setores que trabalham com a sa\u00fade e a sensa\u00e7\u00e3o de bem-estar.<\/p><p>S\u00f3 para ilustrar, o termo <a href=\"https:\/\/www.acessoriosparaacademia.com.br\/blog\/como-esta-o-mercado-fitness-hoje-no-pos-pandemia-e-quais-foram-as-principais-mudancas-nos-alunos\/\">fitness<\/a> nada mais \u00e9 do que uma palavra em ingl\u00easque est\u00e1 diretamente ligada a pr\u00e1tica de exerc\u00edcios.<\/p><p>Apesar de nem todos dominarem o ingl\u00eas, a palavra foi facilmente incorporada ao vocabul\u00e1rio do brasileiro. Ser fitness virou sin\u00f4nimo de pessoas que se preocupam com sua qualidade de vida e alimenta\u00e7\u00e3o saud\u00e1vel acima de tudo.<\/p><p>Cada pa\u00eds possui esportes de tipos de treinos mais populares entre os seus habitantes. Mas, mesmo com as quest\u00f5es regionais \u00e9 fato que a paix\u00e3o pelo bom condicionamento f\u00edsico \u00e9 uma realidade do s\u00e9culo XXI.<\/p><p>Para se manter em forma o primeiro passo \u00e9 praticar atividade f\u00edsica com frequ\u00eancia. De acordo com a Organiza\u00e7\u00e3o Mundial da Sa\u00fade todo adulto de fazer exerc\u00edcios ao menos tr\u00eas vezes por semana.<\/p><p>Quem vai \u00e0 academia sabe muito bem. N\u00e3o basta apenas fazer 1 hora de treino. \u00c9 necess\u00e1rio modificar toda a sua rotina para que as horas com o educador f\u00edsico valham a pena.<\/p><p>Assim, toda uma ind\u00fastria nasceu e se desenvolveu para dar suporte aos centros de treinamento f\u00edsico.<\/p>\t\t\t\t\t\t\t\t<\/div>\n\t\t\t\t<\/div>\n\t\t\t\t\t<\/div>\n\t\t<\/div>\n\t\t\t\t\t<\/div>\n\t\t<\/section>\n\t\t\t\t<section class=\"elementor-section elementor-top-section elementor-element elementor-element-7812291 elementor-section-boxed elementor-section-height-default elementor-section-height-default\" data-id=\"7812291\" data-element_type=\"section\" data-settings=\"{&quot;_ha_eqh_enable&quot;:false}\">\n\t\t\t\t\t\t<div class=\"elementor-container elementor-column-gap-default\">\n\t\t\t\t\t<div class=\"elementor-column elementor-col-100 elementor-top-column elementor-element elementor-element-0d1f906\" data-id=\"0d1f906\" data-element_type=\"column\">\n\t\t\t<div class=\"elementor-widget-wrap elementor-element-populated\">\n\t\t\t\t\t\t<div class=\"elementor-element elementor-element-47c5826 elementor-widget elementor-widget-heading\" data-id=\"47c5826\" data-element_type=\"widget\" data-widget_type=\"heading.default\">\n\t\t\t\t<div class=\"elementor-widget-container\">\n\t\t\t\t\t<h3 class=\"elementor-heading-title elementor-size-default\">Evolu\u00e7\u00e3o nos \u00faltimos anos do mercado fitness brasileiro<\/h3>\t\t\t\t<\/div>\n\t\t\t\t<\/div>\n\t\t\t\t\t<\/div>\n\t\t<\/div>\n\t\t\t\t\t<\/div>\n\t\t<\/section>\n\t\t\t\t<section class=\"elementor-section elementor-top-section elementor-element elementor-element-31ba90f elementor-section-boxed elementor-section-height-default elementor-section-height-default\" data-id=\"31ba90f\" data-element_type=\"section\" data-settings=\"{&quot;_ha_eqh_enable&quot;:false}\">\n\t\t\t\t\t\t<div class=\"elementor-container elementor-column-gap-default\">\n\t\t\t\t\t<div class=\"elementor-column elementor-col-100 elementor-top-column elementor-element elementor-element-b118358\" data-id=\"b118358\" data-element_type=\"column\">\n\t\t\t<div class=\"elementor-widget-wrap elementor-element-populated\">\n\t\t\t\t\t\t<div class=\"elementor-element elementor-element-2cd9995 elementor-widget elementor-widget-text-editor\" data-id=\"2cd9995\" data-element_type=\"widget\" data-widget_type=\"text-editor.default\">\n\t\t\t\t<div class=\"elementor-widget-container\">\n\t\t\t\t\t\t\t\t\t<p>Na \u00faltima d\u00e9cada foi que o Brasil come\u00e7ou a se destacar no mercado fitness. O desenvolvimento do setor ligado as academias de gin\u00e1stica teve um marco no ano de 2016.<\/p><p>Naquele ano, o pa\u00eds entrou na lista dos dez pa\u00edses com o maior mercado fitness. A marca aconteceu quando o setor movimentou 2,4 bilh\u00f5es de d\u00f3lares em neg\u00f3cios.<\/p><p>O top 10 foi uma consequ\u00eancia de um movimento iniciado em 2010. Na \u00e9poca grandes academias se instalaram no pa\u00eds. Ao mesmo tempo, a consci\u00eancia de cuidados com o corpo passou a fazer parte da vida do brasileiro.<\/p><p>O mercado se reinventou com a chegada de academias compactas e studios. Hoje, o Brasil ocupa o quarto lugar no mercado fitness mundial. O faturamento anual s\u00f3 n\u00e3o foi maior devido as restri\u00e7\u00f5es que a pandemia trouxe para as empresas fitness.<\/p><p>Por\u00e9m, o final da <a href=\"https:\/\/www.acessoriosparaacademia.com.br\/blog\/como-fica-o-mercado-fitness-pos-covid-19\/\">pandemia<\/a> e a volta \u00e0 rotina trazem esperan\u00e7a aos gestores do setor. O n\u00famero de pessoas que frequentam academias \u00e9 de 9,6 milh\u00f5es.<\/p><p>Sabendo que a popula\u00e7\u00e3o brasileira \u00e9 de 213 milh\u00f5es de habitantes \u00e9 fato que ainda h\u00e1 muito o que explorar. Por isso, entrar no mercado fitness \u00e9 sucesso garantido para quem se planejou do jeito certo.<\/p>\t\t\t\t\t\t\t\t<\/div>\n\t\t\t\t<\/div>\n\t\t\t\t\t<\/div>\n\t\t<\/div>\n\t\t\t\t\t<\/div>\n\t\t<\/section>\n\t\t\t\t<section class=\"elementor-section elementor-top-section elementor-element elementor-element-90927e1 elementor-section-boxed elementor-section-height-default elementor-section-height-default\" data-id=\"90927e1\" data-element_type=\"section\" data-settings=\"{&quot;_ha_eqh_enable&quot;:false}\">\n\t\t\t\t\t\t<div class=\"elementor-container elementor-column-gap-default\">\n\t\t\t\t\t<div class=\"elementor-column elementor-col-100 elementor-top-column elementor-element elementor-element-b440061\" data-id=\"b440061\" data-element_type=\"column\">\n\t\t\t<div class=\"elementor-widget-wrap elementor-element-populated\">\n\t\t\t\t\t\t<div class=\"elementor-element elementor-element-0a469a5 elementor-widget elementor-widget-heading\" data-id=\"0a469a5\" data-element_type=\"widget\" data-widget_type=\"heading.default\">\n\t\t\t\t<div class=\"elementor-widget-container\">\n\t\t\t\t\t<h3 class=\"elementor-heading-title elementor-size-default\">Quais os principais setores dentro do mercado fitness no Brasil<\/h3>\t\t\t\t<\/div>\n\t\t\t\t<\/div>\n\t\t\t\t\t<\/div>\n\t\t<\/div>\n\t\t\t\t\t<\/div>\n\t\t<\/section>\n\t\t\t\t<section class=\"elementor-section elementor-top-section elementor-element elementor-element-8461cc7 elementor-section-boxed elementor-section-height-default elementor-section-height-default\" data-id=\"8461cc7\" data-element_type=\"section\" data-settings=\"{&quot;_ha_eqh_enable&quot;:false}\">\n\t\t\t\t\t\t<div class=\"elementor-container elementor-column-gap-default\">\n\t\t\t\t\t<div class=\"elementor-column elementor-col-100 elementor-top-column elementor-element elementor-element-3fee516\" data-id=\"3fee516\" data-element_type=\"column\">\n\t\t\t<div class=\"elementor-widget-wrap elementor-element-populated\">\n\t\t\t\t\t\t<div class=\"elementor-element elementor-element-8a8b726 elementor-widget elementor-widget-text-editor\" data-id=\"8a8b726\" data-element_type=\"widget\" data-widget_type=\"text-editor.default\">\n\t\t\t\t<div class=\"elementor-widget-container\">\n\t\t\t\t\t\t\t\t\t<p>Talvez voc\u00ea saiba, talvez n\u00e3o, mas as empresas fitness podem abranger v\u00e1rios setores da economia. Todas trabalham em conjunto para melhorar a vida de quem pratica atividade f\u00edsica.<\/p><p>A seguir, te mostro os cinco setores cuja atividade principal est\u00e1 diretamente ligada ao mercado fitness brasileiro.<\/p>\t\t\t\t\t\t\t\t<\/div>\n\t\t\t\t<\/div>\n\t\t\t\t\t<\/div>\n\t\t<\/div>\n\t\t\t\t\t<\/div>\n\t\t<\/section>\n\t\t\t\t<section class=\"elementor-section elementor-top-section elementor-element elementor-element-09ecc17 elementor-section-boxed elementor-section-height-default elementor-section-height-default\" data-id=\"09ecc17\" data-element_type=\"section\" data-settings=\"{&quot;_ha_eqh_enable&quot;:false}\">\n\t\t\t\t\t\t<div class=\"elementor-container elementor-column-gap-default\">\n\t\t\t\t\t<div class=\"elementor-column elementor-col-100 elementor-top-column elementor-element elementor-element-b8588a7\" data-id=\"b8588a7\" data-element_type=\"column\">\n\t\t\t<div class=\"elementor-widget-wrap elementor-element-populated\">\n\t\t\t\t\t\t<div class=\"elementor-element elementor-element-9f193c5 elementor-widget elementor-widget-heading\" data-id=\"9f193c5\" data-element_type=\"widget\" data-widget_type=\"heading.default\">\n\t\t\t\t<div class=\"elementor-widget-container\">\n\t\t\t\t\t<h4 class=\"elementor-heading-title elementor-size-default\">Restaurantes<\/h4>\t\t\t\t<\/div>\n\t\t\t\t<\/div>\n\t\t\t\t\t<\/div>\n\t\t<\/div>\n\t\t\t\t\t<\/div>\n\t\t<\/section>\n\t\t\t\t<section class=\"elementor-section elementor-top-section elementor-element elementor-element-0fedbe5 elementor-section-boxed elementor-section-height-default elementor-section-height-default\" data-id=\"0fedbe5\" data-element_type=\"section\" data-settings=\"{&quot;_ha_eqh_enable&quot;:false}\">\n\t\t\t\t\t\t<div class=\"elementor-container elementor-column-gap-default\">\n\t\t\t\t\t<div class=\"elementor-column elementor-col-100 elementor-top-column elementor-element elementor-element-d108d48\" data-id=\"d108d48\" data-element_type=\"column\">\n\t\t\t<div class=\"elementor-widget-wrap elementor-element-populated\">\n\t\t\t\t\t\t<div class=\"elementor-element elementor-element-55727f1 elementor-widget elementor-widget-text-editor\" data-id=\"55727f1\" data-element_type=\"widget\" data-widget_type=\"text-editor.default\">\n\t\t\t\t<div class=\"elementor-widget-container\">\n\t\t\t\t\t\t\t\t\t<p>A procura por uma refei\u00e7\u00e3o balanceada chegou at\u00e9 os restaurantes. Para atender os clientes que se preocupam com a forma f\u00edsica os card\u00e1pios est\u00e3o menos cal\u00f3ricos e mais nutritivos.<\/p><p>As refei\u00e7\u00f5es s\u00e3o coloridas, gostosas e preparadas com ingredientes naturais. Tudo o mais pr\u00f3ximo poss\u00edvel da comida caseira que est\u00e1 acostumado.<\/p><p>Existem op\u00e7\u00f5es para todos os objetivos: emagrecer, ganhar massa muscular, diminuir a ingest\u00e3o de s\u00f3dio e muito mais.<\/p><p>H\u00e1 ainda as empresas que trabalham com marmitas fitness e saladas no pote. S\u00e3o restaurantes que oferecem uma alternativa para quem precisa manter a <a href=\"https:\/\/www.acessoriosparaacademia.com.br\/blog\/as-melhores-ideias-sobre-emagrecimento-que-voce-precisa-ler\/\">dieta<\/a>, mas n\u00e3o tem condi\u00e7\u00f5es de ficar horas na cozinha.<\/p>\t\t\t\t\t\t\t\t<\/div>\n\t\t\t\t<\/div>\n\t\t\t\t\t<\/div>\n\t\t<\/div>\n\t\t\t\t\t<\/div>\n\t\t<\/section>\n\t\t\t\t<section class=\"elementor-section elementor-top-section elementor-element elementor-element-0e336d1 elementor-section-boxed elementor-section-height-default elementor-section-height-default\" data-id=\"0e336d1\" data-element_type=\"section\" data-settings=\"{&quot;_ha_eqh_enable&quot;:false}\">\n\t\t\t\t\t\t<div class=\"elementor-container elementor-column-gap-default\">\n\t\t\t\t\t<div class=\"elementor-column elementor-col-100 elementor-top-column elementor-element elementor-element-5a10440\" data-id=\"5a10440\" data-element_type=\"column\">\n\t\t\t<div class=\"elementor-widget-wrap elementor-element-populated\">\n\t\t\t\t\t\t<div class=\"elementor-element elementor-element-3f2f30d elementor-widget elementor-widget-heading\" data-id=\"3f2f30d\" data-element_type=\"widget\" data-widget_type=\"heading.default\">\n\t\t\t\t<div class=\"elementor-widget-container\">\n\t\t\t\t\t<h4 class=\"elementor-heading-title elementor-size-default\">Nutri\u00e7\u00e3o e suplementa\u00e7\u00e3o<\/h4>\t\t\t\t<\/div>\n\t\t\t\t<\/div>\n\t\t\t\t\t<\/div>\n\t\t<\/div>\n\t\t\t\t\t<\/div>\n\t\t<\/section>\n\t\t\t\t<section class=\"elementor-section elementor-top-section elementor-element elementor-element-e2e8390 elementor-section-boxed elementor-section-height-default elementor-section-height-default\" data-id=\"e2e8390\" data-element_type=\"section\" data-settings=\"{&quot;_ha_eqh_enable&quot;:false}\">\n\t\t\t\t\t\t<div class=\"elementor-container elementor-column-gap-default\">\n\t\t\t\t\t<div class=\"elementor-column elementor-col-100 elementor-top-column elementor-element elementor-element-dda8ac0\" data-id=\"dda8ac0\" data-element_type=\"column\">\n\t\t\t<div class=\"elementor-widget-wrap elementor-element-populated\">\n\t\t\t\t\t\t<div class=\"elementor-element elementor-element-4c6ef9b elementor-widget elementor-widget-text-editor\" data-id=\"4c6ef9b\" data-element_type=\"widget\" data-widget_type=\"text-editor.default\">\n\t\t\t\t<div class=\"elementor-widget-container\">\n\t\t\t\t\t\t\t\t\t<p>Com a finalidade de potencializar o efeito dos treinos na academia o uso de suplementa\u00e7\u00e3o acabou sendo adaptado a rotina dos praticantes de atividade f\u00edsica.<\/p>\n<p>Dessa forma sabemos que a o apoio de profissionais da \u00e1rea de nutri\u00e7\u00e3o faz parte de um treino de sucesso.<\/p>\n<p>\u00c9 f\u00e1cil encontrar suplementos para o treino em lojas de suplementos naturais. Assim, as empresas que desenvolvem suplementos ligados a melhora do condicionamento f\u00edsico fazem parte do mercado fitness.<\/p>\n<p>O uso da suplementa\u00e7\u00e3o auxilia pessoas que est\u00e3o iniciando nos treinos. &nbsp;De acordo com a indica\u00e7\u00e3o do m\u00e9dico o suplemento pode ser usado <a href=\"https:\/\/www.acessoriosparaacademia.com.br\/blog\/alongamento-o-que-e-e-por-que-fazer-no-pre-e-pos-treino\/\">antes ou ap\u00f3s o treino.<\/a><\/p>\t\t\t\t\t\t\t\t<\/div>\n\t\t\t\t<\/div>\n\t\t\t\t\t<\/div>\n\t\t<\/div>\n\t\t\t\t\t<\/div>\n\t\t<\/section>\n\t\t\t\t<section class=\"elementor-section elementor-top-section elementor-element elementor-element-05a8828 elementor-section-boxed elementor-section-height-default elementor-section-height-default\" data-id=\"05a8828\" data-element_type=\"section\" data-settings=\"{&quot;_ha_eqh_enable&quot;:false}\">\n\t\t\t\t\t\t<div class=\"elementor-container elementor-column-gap-default\">\n\t\t\t\t\t<div class=\"elementor-column elementor-col-100 elementor-top-column elementor-element elementor-element-66dcb85\" data-id=\"66dcb85\" data-element_type=\"column\">\n\t\t\t<div class=\"elementor-widget-wrap elementor-element-populated\">\n\t\t\t\t\t\t<div class=\"elementor-element elementor-element-5c42147 elementor-widget elementor-widget-heading\" data-id=\"5c42147\" data-element_type=\"widget\" data-widget_type=\"heading.default\">\n\t\t\t\t<div class=\"elementor-widget-container\">\n\t\t\t\t\t<h4 class=\"elementor-heading-title elementor-size-default\">Moda<\/h4>\t\t\t\t<\/div>\n\t\t\t\t<\/div>\n\t\t\t\t\t<\/div>\n\t\t<\/div>\n\t\t\t\t\t<\/div>\n\t\t<\/section>\n\t\t\t\t<section class=\"elementor-section elementor-top-section elementor-element elementor-element-8405157 elementor-section-boxed elementor-section-height-default elementor-section-height-default\" data-id=\"8405157\" data-element_type=\"section\" data-settings=\"{&quot;_ha_eqh_enable&quot;:false}\">\n\t\t\t\t\t\t<div class=\"elementor-container elementor-column-gap-default\">\n\t\t\t\t\t<div class=\"elementor-column elementor-col-100 elementor-top-column elementor-element elementor-element-b5fa34d\" data-id=\"b5fa34d\" data-element_type=\"column\">\n\t\t\t<div class=\"elementor-widget-wrap elementor-element-populated\">\n\t\t\t\t\t\t<div class=\"elementor-element elementor-element-bc3e9f1 elementor-widget elementor-widget-text-editor\" data-id=\"bc3e9f1\" data-element_type=\"widget\" data-widget_type=\"text-editor.default\">\n\t\t\t\t<div class=\"elementor-widget-container\">\n\t\t\t\t\t\t\t\t\t<p>A roupa que voc\u00ea usa quando est\u00e1 treinando faz toda a diferen\u00e7a no rendimento do seu treino.Quem pratica esporte precisa de v\u00e1rias pe\u00e7as de roupa. Afinal, a roupa precisa ser confort\u00e1vel e facilitar os movimentos para garantir bom desempenho.<\/p><p>As marcas de roupas e acess\u00f3rios j\u00e1 perceberam isso. Dessa forma a moda fitness \u00e9 uma parte do mercado que mais est\u00e1 presente na realidade de quem faz atividade f\u00edsica.<\/p><p>Tecidos que ajudam a pele respirar. Roupas e bon\u00e9s com prote\u00e7\u00e3o solar para pr\u00e1ticas ao ar livre e at\u00e9 mesmo t\u00eanis com amortecimento para corrida podem ser listados como itens da moda fitness.<\/p>\t\t\t\t\t\t\t\t<\/div>\n\t\t\t\t<\/div>\n\t\t\t\t\t<\/div>\n\t\t<\/div>\n\t\t\t\t\t<\/div>\n\t\t<\/section>\n\t\t\t\t<section class=\"elementor-section elementor-top-section elementor-element elementor-element-104ac03 elementor-section-boxed elementor-section-height-default elementor-section-height-default\" data-id=\"104ac03\" data-element_type=\"section\" data-settings=\"{&quot;_ha_eqh_enable&quot;:false}\">\n\t\t\t\t\t\t<div class=\"elementor-container elementor-column-gap-default\">\n\t\t\t\t\t<div class=\"elementor-column elementor-col-100 elementor-top-column elementor-element elementor-element-5dfcdde\" data-id=\"5dfcdde\" data-element_type=\"column\">\n\t\t\t<div class=\"elementor-widget-wrap elementor-element-populated\">\n\t\t\t\t\t\t<div class=\"elementor-element elementor-element-75db9c7 elementor-widget elementor-widget-heading\" data-id=\"75db9c7\" data-element_type=\"widget\" data-widget_type=\"heading.default\">\n\t\t\t\t<div class=\"elementor-widget-container\">\n\t\t\t\t\t<h4 class=\"elementor-heading-title elementor-size-default\">Cosm\u00e9ticos e est\u00e9tica<\/h4>\t\t\t\t<\/div>\n\t\t\t\t<\/div>\n\t\t\t\t\t<\/div>\n\t\t<\/div>\n\t\t\t\t\t<\/div>\n\t\t<\/section>\n\t\t\t\t<section class=\"elementor-section elementor-top-section elementor-element elementor-element-4fee32c elementor-section-boxed elementor-section-height-default elementor-section-height-default\" data-id=\"4fee32c\" data-element_type=\"section\" data-settings=\"{&quot;_ha_eqh_enable&quot;:false}\">\n\t\t\t\t\t\t<div class=\"elementor-container elementor-column-gap-default\">\n\t\t\t\t\t<div class=\"elementor-column elementor-col-100 elementor-top-column elementor-element elementor-element-1f9bd84\" data-id=\"1f9bd84\" data-element_type=\"column\">\n\t\t\t<div class=\"elementor-widget-wrap elementor-element-populated\">\n\t\t\t\t\t\t<div class=\"elementor-element elementor-element-e6cb1b6 elementor-widget elementor-widget-text-editor\" data-id=\"e6cb1b6\" data-element_type=\"widget\" data-widget_type=\"text-editor.default\">\n\t\t\t\t<div class=\"elementor-widget-container\">\n\t\t\t\t\t\t\t\t\t<p>Quem cuida do corpo acaba procurando outras formas de melhorar a apar\u00eancia.<\/p><p>O uso de cosm\u00e9ticos e procedimentos est\u00e9ticos tamb\u00e9m movimenta o mercado fitness todo ano. Homens e mulheres s\u00e3o consumidores de produtos cosm\u00e9ticos. Esse uso se intensifica em momentos como o ver\u00e3o, quando a exposi\u00e7\u00e3o ao sol \u00e9 maior.<\/p><p>S\u00f3 para exemplificar, alguns procedimentos est\u00e9ticos populares no Brasil s\u00e3o:<\/p><ul><li>Depila\u00e7\u00e3o;<\/li><li>Limpeza de pele;<\/li><li>Peeling facial;<\/li><li>Tratamento de celulites;<\/li><li>Tratamento para varizes;<\/li><li>Tratamento de estrias.<\/li><\/ul><p>Os tratamentos podem ser feitos tanto em casa, com o uso de cosm\u00e9ticos, quanto em cl\u00ednicas de est\u00e9tica.<\/p>\t\t\t\t\t\t\t\t<\/div>\n\t\t\t\t<\/div>\n\t\t\t\t\t<\/div>\n\t\t<\/div>\n\t\t\t\t\t<\/div>\n\t\t<\/section>\n\t\t\t\t<section class=\"elementor-section elementor-top-section elementor-element elementor-element-792fc30 elementor-section-boxed elementor-section-height-default elementor-section-height-default\" data-id=\"792fc30\" data-element_type=\"section\" data-settings=\"{&quot;_ha_eqh_enable&quot;:false}\">\n\t\t\t\t\t\t<div class=\"elementor-container elementor-column-gap-default\">\n\t\t\t\t\t<div class=\"elementor-column elementor-col-100 elementor-top-column elementor-element elementor-element-ee86eae\" data-id=\"ee86eae\" data-element_type=\"column\">\n\t\t\t<div class=\"elementor-widget-wrap elementor-element-populated\">\n\t\t\t\t\t\t<div class=\"elementor-element elementor-element-707d3dc elementor-widget elementor-widget-heading\" data-id=\"707d3dc\" data-element_type=\"widget\" data-widget_type=\"heading.default\">\n\t\t\t\t<div class=\"elementor-widget-container\">\n\t\t\t\t\t<h4 class=\"elementor-heading-title elementor-size-default\">Academias de gin\u00e1stica<\/h4>\t\t\t\t<\/div>\n\t\t\t\t<\/div>\n\t\t\t\t\t<\/div>\n\t\t<\/div>\n\t\t\t\t\t<\/div>\n\t\t<\/section>\n\t\t\t\t<section class=\"elementor-section elementor-top-section elementor-element elementor-element-a359ce7 elementor-section-boxed elementor-section-height-default elementor-section-height-default\" data-id=\"a359ce7\" data-element_type=\"section\" data-settings=\"{&quot;_ha_eqh_enable&quot;:false}\">\n\t\t\t\t\t\t<div class=\"elementor-container elementor-column-gap-default\">\n\t\t\t\t\t<div class=\"elementor-column elementor-col-100 elementor-top-column elementor-element elementor-element-07fb69a\" data-id=\"07fb69a\" data-element_type=\"column\">\n\t\t\t<div class=\"elementor-widget-wrap elementor-element-populated\">\n\t\t\t\t\t\t<div class=\"elementor-element elementor-element-78f51db elementor-widget elementor-widget-text-editor\" data-id=\"78f51db\" data-element_type=\"widget\" data-widget_type=\"text-editor.default\">\n\t\t\t\t<div class=\"elementor-widget-container\">\n\t\t\t\t\t\t\t\t\t<p>Os centros de treinamento f\u00edsico s\u00e3o a atividade chave do mercado fitness.<\/p><p>Diversas s\u00e3o as raz\u00f5es que podem levar uma pessoa a frequentar uma academia de gin\u00e1stica. O espa\u00e7o reduzido para pr\u00e1tica de exerc\u00edcios ao ar livre nas grandes cidades, a utiliza\u00e7\u00e3o do treino para emagrecimento e at\u00e9 mesmo orienta\u00e7\u00e3o m\u00e9dica s\u00e3o alguns fatores citados pelos alunos.<\/p><p>Apesar do elevado n\u00famero de academias nas capitais isso n\u00e3o quer dizer que as empresas sejam semelhantes. Cada rede de academias oferece um conceito para seu cliente.<\/p><p>Em suma, uma academia pode fazer aulas para grupos e outra ter um programa totalmente personalizado. Voc\u00ea pode treinar usando pesos em um treino de resist\u00eancia e, na academia ao lado o <a href=\"https:\/\/www.acessoriosparaacademia.com.br\/blog\/optantes-por-personal-trainer-na-quarentena-nao-voltarao-para-as-academias-descubra-por-que\/\">personal trainer<\/a> montar um treino usando apenas o peso do pr\u00f3prio corpo.<\/p><p>Cada academia evolui atendendo as necessidades de seus clientes.<\/p>\t\t\t\t\t\t\t\t<\/div>\n\t\t\t\t<\/div>\n\t\t\t\t\t<\/div>\n\t\t<\/div>\n\t\t\t\t\t<\/div>\n\t\t<\/section>\n\t\t\t\t<section class=\"elementor-section elementor-top-section elementor-element elementor-element-af1a51a elementor-section-boxed elementor-section-height-default elementor-section-height-default\" data-id=\"af1a51a\" data-element_type=\"section\" data-settings=\"{&quot;_ha_eqh_enable&quot;:false}\">\n\t\t\t\t\t\t<div class=\"elementor-container elementor-column-gap-default\">\n\t\t\t\t\t<div class=\"elementor-column elementor-col-100 elementor-top-column elementor-element elementor-element-bcaeaed\" data-id=\"bcaeaed\" data-element_type=\"column\">\n\t\t\t<div class=\"elementor-widget-wrap elementor-element-populated\">\n\t\t\t\t\t\t<div class=\"elementor-element elementor-element-5d60109 elementor-widget elementor-widget-heading\" data-id=\"5d60109\" data-element_type=\"widget\" data-widget_type=\"heading.default\">\n\t\t\t\t<div class=\"elementor-widget-container\">\n\t\t\t\t\t<h4 class=\"elementor-heading-title elementor-size-default\">Quais s\u00e3o os principais desafios do mercado fitness em nosso pa\u00eds?<\/h4>\t\t\t\t<\/div>\n\t\t\t\t<\/div>\n\t\t\t\t\t<\/div>\n\t\t<\/div>\n\t\t\t\t\t<\/div>\n\t\t<\/section>\n\t\t\t\t<section class=\"elementor-section elementor-top-section elementor-element elementor-element-512f8d6 elementor-section-boxed elementor-section-height-default elementor-section-height-default\" data-id=\"512f8d6\" data-element_type=\"section\" data-settings=\"{&quot;_ha_eqh_enable&quot;:false}\">\n\t\t\t\t\t\t<div class=\"elementor-container elementor-column-gap-default\">\n\t\t\t\t\t<div class=\"elementor-column elementor-col-100 elementor-top-column elementor-element elementor-element-224e7c5\" data-id=\"224e7c5\" data-element_type=\"column\">\n\t\t\t<div class=\"elementor-widget-wrap elementor-element-populated\">\n\t\t\t\t\t\t<div class=\"elementor-element elementor-element-6634c22 elementor-widget elementor-widget-text-editor\" data-id=\"6634c22\" data-element_type=\"widget\" data-widget_type=\"text-editor.default\">\n\t\t\t\t<div class=\"elementor-widget-container\">\n\t\t\t\t\t\t\t\t\t<p>O maior desafio do mercado fitness no Brasil \u00e9 recuperar as receitas perdidas durante os meses da pandemia.<\/p>\n<p>A mudan\u00e7a de h\u00e1bitos dos alunos, fez com que muitos optassem por treinar em casa. Essa tend\u00eancia obriga os gestores de academias a adotarem o sistema h\u00edbrido para continuar com o mesmo n\u00famero de alunos matriculados de antes da paraliza\u00e7\u00e3o das atividades presenciais.<\/p>\n<p>Treinos focados para grupos s\u00e3o outra demanda que os centros de treinamento podem ter oportunidades de crescimento.<\/p>\n<p>Um exemplo de p\u00fablico que precisa de aten\u00e7\u00e3o \u00e9 a melhor idade. Com o aumento da expectativa de vida da popula\u00e7\u00e3o brasileira as pessoas com mais de 65 anos querem se manter ativas e saud\u00e1veis. No entanto, o educador f\u00edsico precisa adaptar o treino ao condicionamento f\u00edsico desse aluno.<\/p>\n<p>Por outro lado, os <a href=\"https:\/\/www.acessoriosparaacademia.com.br\/blog\/5-equipamentos-imprescindiveis-para-se-ter-na-academia-do-seu-condominio\/\">equipamentos<\/a> precisam passar por manuten\u00e7\u00f5es frequentes para garantir que a vida \u00fatil dos aparelhos seja a maior poss\u00edvel. Dessa maneira, o melhor custo-benef\u00edcio est\u00e1 em ter bons fornecedores que possam assegurar a qualidade dos aparelhos mesclando tecnologia e seguran\u00e7a.<\/p>\t\t\t\t\t\t\t\t<\/div>\n\t\t\t\t<\/div>\n\t\t\t\t\t<\/div>\n\t\t<\/div>\n\t\t\t\t\t<\/div>\n\t\t<\/section>\n\t\t\t\t<section class=\"elementor-section elementor-top-section elementor-element elementor-element-9cc43db elementor-section-boxed elementor-section-height-default elementor-section-height-default\" data-id=\"9cc43db\" data-element_type=\"section\" data-settings=\"{&quot;_ha_eqh_enable&quot;:false}\">\n\t\t\t\t\t\t<div class=\"elementor-container elementor-column-gap-default\">\n\t\t\t\t\t<div class=\"elementor-column elementor-col-100 elementor-top-column elementor-element elementor-element-71561f1\" data-id=\"71561f1\" data-element_type=\"column\">\n\t\t\t<div class=\"elementor-widget-wrap elementor-element-populated\">\n\t\t\t\t\t\t<div class=\"elementor-element elementor-element-54c7777 elementor-widget elementor-widget-heading\" data-id=\"54c7777\" data-element_type=\"widget\" data-widget_type=\"heading.default\">\n\t\t\t\t<div class=\"elementor-widget-container\">\n\t\t\t\t\t<h3 class=\"elementor-heading-title elementor-size-default\">Conclus\u00e3o<\/h3>\t\t\t\t<\/div>\n\t\t\t\t<\/div>\n\t\t\t\t\t<\/div>\n\t\t<\/div>\n\t\t\t\t\t<\/div>\n\t\t<\/section>\n\t\t\t\t<section class=\"elementor-section elementor-top-section elementor-element elementor-element-6af6449 elementor-section-boxed elementor-section-height-default elementor-section-height-default\" data-id=\"6af6449\" data-element_type=\"section\" data-settings=\"{&quot;_ha_eqh_enable&quot;:false}\">\n\t\t\t\t\t\t<div class=\"elementor-container elementor-column-gap-default\">\n\t\t\t\t\t<div class=\"elementor-column elementor-col-100 elementor-top-column elementor-element elementor-element-5aa182c\" data-id=\"5aa182c\" data-element_type=\"column\">\n\t\t\t<div class=\"elementor-widget-wrap elementor-element-populated\">\n\t\t\t\t\t\t<div class=\"elementor-element elementor-element-7c7ae49 elementor-widget elementor-widget-text-editor\" data-id=\"7c7ae49\" data-element_type=\"widget\" data-widget_type=\"text-editor.default\">\n\t\t\t\t<div class=\"elementor-widget-container\">\n\t\t\t\t\t\t\t\t\t<p>Falar em mercado fitness no Brasil \u00e9 muito mais do que mostrar os avan\u00e7os das academias. Quem estuda o setor compreende que \u00e9 o segmento fitness funciona atrav\u00e9s de uma cadeia de servi\u00e7os que se complementam.<\/p><p>Do caf\u00e9 da manh\u00e3 a roupa do treino tudo est\u00e1 ligado e emprega direta e indiretamente milhares de pessoas. O melhor de tudo \u00e9 que a principal estrela do mercado fitness \u00e9 voc\u00ea.<\/p><p>Quem deseja cuidar da sa\u00fade e praticar exerc\u00edcios \u00e9 o p\u00fablico-alvo de uma empresa fitness. O bom gestor entende isso e faz do seu neg\u00f3cio uma empresa amiga da comunidade fitness. Esse \u00e9 o caminho!<\/p>\t\t\t\t\t\t\t\t<\/div>\n\t\t\t\t<\/div>\n\t\t\t\t<div class=\"elementor-element elementor-element-ef9f359 elementor-widget elementor-widget-heading\" data-id=\"ef9f359\" data-element_type=\"widget\" data-widget_type=\"heading.default\">\n\t\t\t\t<div class=\"elementor-widget-container\">\n\t\t\t\t\t<h4 class=\"elementor-heading-title elementor-size-default\">Veja tamb\u00e9m:<\/h4>\t\t\t\t<\/div>\n\t\t\t\t<\/div>\n\t\t\t\t\t<\/div>\n\t\t<\/div>\n\t\t\t\t\t<\/div>\n\t\t<\/section>\n\t\t\t\t<section class=\"elementor-section elementor-top-section elementor-element elementor-element-f5c874c elementor-section-boxed elementor-section-height-default elementor-section-height-default\" data-id=\"f5c874c\" data-element_type=\"section\" data-settings=\"{&quot;_ha_eqh_enable&quot;:false}\">\n\t\t\t\t\t\t<div class=\"elementor-container elementor-column-gap-default\">\n\t\t\t\t\t<div class=\"elementor-column elementor-col-100 elementor-top-column elementor-element elementor-element-2d07fc6\" data-id=\"2d07fc6\" data-element_type=\"column\">\n\t\t\t<div class=\"elementor-widget-wrap elementor-element-populated\">\n\t\t\t\t\t\t<div class=\"elementor-element elementor-element-a4a734f elementor-position-left elementor-vertical-align-top elementor-widget elementor-widget-image-box\" data-id=\"a4a734f\" data-element_type=\"widget\" data-widget_type=\"image-box.default\">\n\t\t\t\t<div class=\"elementor-widget-container\">\n\t\t\t\t\t<div class=\"elementor-image-box-wrapper\"><figure class=\"elementor-image-box-img\"><a href=\"https:\/\/www.acessoriosparaacademia.com.br\/blog\/quero-montar-uma-academia-no-predio\" tabindex=\"-1\"><img fetchpriority=\"high\" decoding=\"async\" width=\"730\" height=\"369\" src=\"https:\/\/www.acessoriosparaacademia.com.br\/blog\/wp-content\/uploads\/2021\/11\/Quero-montar-uma-academia-no-predio.png\" class=\"attachment-full size-full wp-image-1238\" alt=\"\" srcset=\"https:\/\/www.acessoriosparaacademia.com.br\/blog\/wp-content\/uploads\/2021\/11\/Quero-montar-uma-academia-no-predio.png 730w, https:\/\/www.acessoriosparaacademia.com.br\/blog\/wp-content\/uploads\/2021\/11\/Quero-montar-uma-academia-no-predio-300x152.png 300w\" sizes=\"(max-width: 730px) 100vw, 730px\" \/><\/a><\/figure><div class=\"elementor-image-box-content\"><h5 class=\"elementor-image-box-title\"><a href=\"https:\/\/www.acessoriosparaacademia.com.br\/blog\/quero-montar-uma-academia-no-predio\">Quero montar uma academia no pr\u00e9dio, \u00e9 poss\u00edvel?<\/a><\/h5><\/div><\/div>\t\t\t\t<\/div>\n\t\t\t\t<\/div>\n\t\t\t\t\t<\/div>\n\t\t<\/div>\n\t\t\t\t\t<\/div>\n\t\t<\/section>\n\t\t\t\t<section class=\"elementor-section elementor-top-section elementor-element elementor-element-26581ff elementor-section-boxed elementor-section-height-default elementor-section-height-default\" data-id=\"26581ff\" data-element_type=\"section\" data-settings=\"{&quot;_ha_eqh_enable&quot;:false}\">\n\t\t\t\t\t\t<div class=\"elementor-container elementor-column-gap-default\">\n\t\t\t\t\t<div class=\"elementor-column elementor-col-100 elementor-top-column elementor-element elementor-element-00ca1d0\" data-id=\"00ca1d0\" data-element_type=\"column\">\n\t\t\t<div class=\"elementor-widget-wrap elementor-element-populated\">\n\t\t\t\t\t\t<div class=\"elementor-element elementor-element-5a75fef elementor-position-left elementor-vertical-align-top elementor-widget elementor-widget-image-box\" data-id=\"5a75fef\" data-element_type=\"widget\" data-widget_type=\"image-box.default\">\n\t\t\t\t<div class=\"elementor-widget-container\">\n\t\t\t\t\t<div class=\"elementor-image-box-wrapper\"><figure class=\"elementor-image-box-img\"><a href=\"https:\/\/www.acessoriosparaacademia.com.br\/blog\/10-exercicios-rapidos-e-faceis-casa-academia-predio\/\" tabindex=\"-1\"><img decoding=\"async\" width=\"730\" height=\"369\" src=\"https:\/\/www.acessoriosparaacademia.com.br\/blog\/wp-content\/uploads\/2021\/11\/10-exercicios-rapidos-e-faceis-para-fazer-em-casa-ou-na-academia-do-seu-predio.png\" class=\"attachment-full size-full wp-image-1216\" alt=\"\" srcset=\"https:\/\/www.acessoriosparaacademia.com.br\/blog\/wp-content\/uploads\/2021\/11\/10-exercicios-rapidos-e-faceis-para-fazer-em-casa-ou-na-academia-do-seu-predio.png 730w, https:\/\/www.acessoriosparaacademia.com.br\/blog\/wp-content\/uploads\/2021\/11\/10-exercicios-rapidos-e-faceis-para-fazer-em-casa-ou-na-academia-do-seu-predio-300x152.png 300w\" sizes=\"(max-width: 730px) 100vw, 730px\" \/><\/a><\/figure><div class=\"elementor-image-box-content\"><h5 class=\"elementor-image-box-title\"><a href=\"https:\/\/www.acessoriosparaacademia.com.br\/blog\/10-exercicios-rapidos-e-faceis-casa-academia-predio\/\">10 exerc\u00edcios r\u00e1pidos e f\u00e1ceis para fazer em casa ou na academia do seu pr\u00e9dio<\/a><\/h5><\/div><\/div>\t\t\t\t<\/div>\n\t\t\t\t<\/div>\n\t\t\t\t\t<\/div>\n\t\t<\/div>\n\t\t\t\t\t<\/div>\n\t\t<\/section>\n\t\t\t\t<\/div>\n\t\t","protected":false},"excerpt":{"rendered":"<p class=\"qua-blog-post-description\">O mercado fitness no Brasil tem crescido muito. Afinal, a quantidade de pessoas que desejam ter um corpo mais bonito \u00e9 cada dia maior. Consequentemente, a quantidade de academias vai se multiplicando de acordo com a demanda do p\u00fablico. Nas grandes cidades \u00e9 poss\u00edvel ter v\u00e1rias op\u00e7\u00f5es para treinar. Por outro lado, a longevidade da<\/p>\n<p class=\"qua-blog-post-description\"><a href=\"https:\/\/www.acessoriosparaacademia.com.br\/blog\/mercado-fitness-no-brasil\/#more-1255\" class=\"more-link\">Ler mais<\/a><\/p>\n","protected":false},"author":1,"featured_media":1258,"comment_status":"open","ping_status":"open","sticky":false,"template":"","format":"standard","meta":{"footnotes":""},"categories":[13,5],"tags":[],"class_list":["post-1255","post","type-post","status-publish","format-standard","has-post-thumbnail","hentry","category-academia","category-saude"],"_links":{"self":[{"href":"https:\/\/www.acessoriosparaacademia.com.br\/blog\/wp-json\/wp\/v2\/posts\/1255","targetHints":{"allow":["GET"]}}],"collection":[{"href":"https:\/\/www.acessoriosparaacademia.com.br\/blog\/wp-json\/wp\/v2\/posts"}],"about":[{"href":"https:\/\/www.acessoriosparaacademia.com.br\/blog\/wp-json\/wp\/v2\/types\/post"}],"author":[{"embeddable":true,"href":"https:\/\/www.acessoriosparaacademia.com.br\/blog\/wp-json\/wp\/v2\/users\/1"}],"replies":[{"embeddable":true,"href":"https:\/\/www.acessoriosparaacademia.com.br\/blog\/wp-json\/wp\/v2\/comments?post=1255"}],"version-history":[{"count":8,"href":"https:\/\/www.acessoriosparaacademia.com.br\/blog\/wp-json\/wp\/v2\/posts\/1255\/revisions"}],"predecessor-version":[{"id":1265,"href":"https:\/\/www.acessoriosparaacademia.com.br\/blog\/wp-json\/wp\/v2\/posts\/1255\/revisions\/1265"}],"wp:featuredmedia":[{"embeddable":true,"href":"https:\/\/www.acessoriosparaacademia.com.br\/blog\/wp-json\/wp\/v2\/media\/1258"}],"wp:attachment":[{"href":"https:\/\/www.acessoriosparaacademia.com.br\/blog\/wp-json\/wp\/v2\/media?parent=1255"}],"wp:term":[{"taxonomy":"category","embeddable":true,"href":"https:\/\/www.acessoriosparaacademia.com.br\/blog\/wp-json\/wp\/v2\/categories?post=1255"},{"taxonomy":"post_tag","embeddable":true,"href":"https:\/\/www.acessoriosparaacademia.com.br\/blog\/wp-json\/wp\/v2\/tags?post=1255"}],"curies":[{"name":"wp","href":"https:\/\/api.w.org\/{rel}","templated":true}]}}